[{"@context":"https:\/\/schema.org\/","@type":"Article","@id":"https:\/\/www.starweg.cz\/co-nam-rekne-termovizni-mereni\/#Article","mainEntityOfPage":"https:\/\/www.starweg.cz\/co-nam-rekne-termovizni-mereni\/","headline":"Co n\u00e1m \u0159ekne termovizn\u00ed m\u011b\u0159en\u00ed","name":"Co n\u00e1m \u0159ekne termovizn\u00ed m\u011b\u0159en\u00ed","description":"O\u010di jsou na\u0161\u00edm hlavn\u00edm smyslov\u00fdm org\u00e1nem. P\u0159ij\u00edm\u00e1me p\u0159es n\u011b nejv\u011bt\u0161\u00ed mno\u017estv\u00ed informac\u00ed o okoln\u00edm sv\u011bt\u011b. Av\u0161ak to ani zdaleka neznamen\u00e1, \u017ee jsou dokonal\u00e9, ba naopak. M\u00e1me jedny z nejslab\u0161\u00edch o\u010d\u00ed v cel\u00e9 zv\u00ed\u0159ec\u00ed \u0159\u00ed\u0161i, a\u010dkoliv dok\u00e1\u017eeme v\u00fdborn\u011b zaost\u0159ovat na bl\u00edzk\u00e9 i vzd\u00e1len\u00e9 p\u0159edm\u011bty a dob\u0159e odhadovat vzd\u00e1lenost. Na druhou stranu je fakt, \u017ee vid\u00edme pouze [&hellip;]","datePublished":"2020-09-16","dateModified":"2023-06-08","author":{"@type":"Person","@id":"https:\/\/www.starweg.cz\/author\/devene\/#Person","name":"devene","url":"https:\/\/www.starweg.cz\/author\/devene\/","identifier":1,"image":{"@type":"ImageObject","@id":"https:\/\/secure.gravatar.com\/avatar\/014a645f9f16d49aceddb25e316448c724bd78e7db0ee7a34c29417d5ca39ef1?s=96&d=mm&r=g","url":"https:\/\/secure.gravatar.com\/avatar\/014a645f9f16d49aceddb25e316448c724bd78e7db0ee7a34c29417d5ca39ef1?s=96&d=mm&r=g","height":96,"width":96}},"publisher":{"@type":"Organization","name":"starweg.cz","logo":{"@type":"ImageObject","@id":"\/logo.png","url":"\/logo.png","width":600,"height":60}},"image":{"@type":"ImageObject","@id":"https:\/\/www.starweg.cz\/wp-content\/uploads\/termokamera1_1.jpg","url":"https:\/\/www.starweg.cz\/wp-content\/uploads\/termokamera1_1.jpg","height":0,"width":0},"url":"https:\/\/www.starweg.cz\/co-nam-rekne-termovizni-mereni\/","about":["N\u00e1kupy"],"wordCount":459,"articleBody":" O\u010di jsou na\u0161\u00edm hlavn\u00edm smyslov\u00fdm org\u00e1nem. P\u0159ij\u00edm\u00e1me p\u0159es n\u011b nejv\u011bt\u0161\u00ed mno\u017estv\u00ed informac\u00ed o okoln\u00edm sv\u011bt\u011b. Av\u0161ak to ani zdaleka neznamen\u00e1, \u017ee jsou dokonal\u00e9, ba naopak. M\u00e1me jedny z nejslab\u0161\u00edch o\u010d\u00ed v cel\u00e9 zv\u00ed\u0159ec\u00ed \u0159\u00ed\u0161i, a\u010dkoliv dok\u00e1\u017eeme v\u00fdborn\u011b zaost\u0159ovat na bl\u00edzk\u00e9 i vzd\u00e1len\u00e9 p\u0159edm\u011bty a dob\u0159e odhadovat vzd\u00e1lenost.Na druhou stranu je fakt, \u017ee vid\u00edme pouze omezen\u00e9 mno\u017estv\u00ed slune\u010dn\u00edho spektra. Pouze \u010d\u00e1st vlnov\u00e9 d\u00e9lky, kter\u00e9 k n\u00e1m vys\u00edl\u00e1, je na\u0161\u00edm zrakem zpracov\u00e1na do viditeln\u00e9ho obrazu. I proto zn\u00e1me, v porovn\u00e1n\u00ed s n\u011bkter\u00fdmi jin\u00fdmi \u017eivo\u010dichy, omezen\u00e9 mno\u017estv\u00ed barev. Nap\u0159\u00edklad v\u010dely \u010di drav\u00ed pt\u00e1ci vid\u00ed i v infra\u010derven\u00e9m \u010di ultrafialov\u00e9m spektru, tedy v d\u00e9lk\u00e1ch, na kter\u00e9 je n\u00e1\u0161 zrak kr\u00e1tk\u00fd.Na\u0161t\u011bst\u00ed v dob\u011b dne\u0161n\u00edch modern\u00edch technologi\u00ed mu m\u016f\u017eeme pomoci prost\u0159ednictv\u00edm nejr\u016fzn\u011bj\u0161\u00edch za\u0159\u00edzen\u00ed. D\u00edky nim dok\u00e1\u017eeme alespo\u0148 \u010d\u00e1ste\u010dn\u011b vid\u011bt ultrafialov\u00e9 z\u00e1\u0159en\u00ed, p\u0159\u00edpadn\u011b to infra\u010derven\u00e9. A pr\u00e1v\u011b u toho druh\u00e9ho se zastav\u00edme. Je toti\u017e pom\u011brn\u011b d\u016fle\u017eit\u00e9. Pro\u010d?Jednodu\u0161e z\u00e1vis\u00ed na teplot\u011b. Ka\u017ed\u00e1 \u017eiv\u00e1 bytost jej vyza\u0159uje, a jeho mno\u017estv\u00ed z\u00e1vis\u00ed na jej\u00ed teplot\u011b. To se m\u016f\u017ee hodit nap\u0159\u00edklad voj\u00e1k\u016fm p\u0159i no\u010dn\u00edch mis\u00edch, kdy pot\u0159ebuj\u00ed i v naprost\u00e9 tm\u011b lokalizovat nep\u0159\u00edtele.Av\u0161ak nejen arm\u00e1da z tohoto objevu profituje. I pro b\u011b\u017en\u00e9 lidi je dnes termovizn\u00ed m\u011b\u0159en\u00ed  pom\u011brn\u011b dostupnou z\u00e1le\u017eitost\u00ed. Ale pro\u010d bychom do n\u011bj m\u011bli j\u00edt? Co n\u00e1m m\u016f\u017ee \u0159\u00edct tak d\u016fle\u017eit\u00e9ho, aby ospravedlnil cenu, kterou za n\u011bj zaplat\u00edme?Popravd\u011b \u0159e\u010deno, celkem dost. Pokud m\u00e1te rodinn\u00fd d\u016fm, pak v\u00edte, jak d\u016fle\u017eit\u00e9 je zvl\u00e1\u0161t\u011b v zim\u011b zakr\u00fdt ve\u0161ker\u00e9 net\u011bsnosti, aby teplo neut\u00edkalo zbyte\u010dn\u011b ven. Probl\u00e9m v\u0161ak m\u016f\u017ee b\u00fdt, jak tyto skuliny naj\u00edt, zvl\u00e1\u0161\u0165 kdy\u017e m\u016f\u017eou b\u00fdt mal\u00e9 nebo na nedostupn\u00e9m m\u00edst\u011b.A zde pr\u00e1v\u011b p\u0159ich\u00e1z\u00ed ke slovu termokamera. Ta n\u00e1m dok\u00e1\u017ee ur\u010dit ona slab\u00e1 m\u00edsta, i zm\u011b\u0159it, o kolik tepla vlastn\u011b p\u0159ich\u00e1z\u00edme. Pak u\u017e je jen na n\u00e1s, abychom tento problematick\u00fd kout \u010di kouty opravili a udr\u017eeli tak n\u00e1\u0161 d\u016fm p\u0159\u00edjemn\u011b tepl\u00fd. A v\u011b\u0159te, \u017ee v zim\u011b pochop\u00edte, pro\u010d je to tak d\u016fle\u017eit\u00e9.                                                                                                                                                                                                                                                                                                                                                                                         4.6\/5 - (10 votes)        "},{"@context":"https:\/\/schema.org\/","@type":"BreadcrumbList","itemListElement":[{"@type":"ListItem","position":1,"name":"Co n\u00e1m \u0159ekne termovizn\u00ed m\u011b\u0159en\u00ed","item":"https:\/\/www.starweg.cz\/co-nam-rekne-termovizni-mereni\/#breadcrumbitem"}]}]