[{"@context":"https:\/\/schema.org\/","@type":"Article","@id":"https:\/\/www.starweg.cz\/jakou-chcete-mit-koupelnu\/#Article","mainEntityOfPage":"https:\/\/www.starweg.cz\/jakou-chcete-mit-koupelnu\/","headline":"Jakou chcete m\u00edt koupelnu?","name":"Jakou chcete m\u00edt koupelnu?","description":"Kdy\u017e si \u010dlov\u011bk za\u0159izuje koupelnu, je logick\u00e9, \u017ee uva\u017euje p\u0159edev\u0161\u00edm o n\u011bjak\u00e9m tom sprchov\u00e9m kout\u011b, p\u0159\u00edpadn\u011b van\u011b. Proto\u017ee i bez t\u011bchto by se sice koupelna teoreticky obe\u0161la, ale nebyla by to u\u017e koupelna hodn\u00e1 jednadvac\u00e1t\u00e9ho stolet\u00ed. Proto\u017ee m\u00edt tam v dne\u0161n\u00ed dob\u011b jenom umyvadlo u\u017e by bylo p\u0159ece jenom pon\u011bkud m\u00e1lo a s pouh\u00fdm n\u011bjak\u00fdm [&hellip;]","datePublished":"2019-02-04","dateModified":"2023-06-08","author":{"@type":"Person","@id":"https:\/\/www.starweg.cz\/author\/devene\/#Person","name":"devene","url":"https:\/\/www.starweg.cz\/author\/devene\/","identifier":1,"image":{"@type":"ImageObject","@id":"https:\/\/secure.gravatar.com\/avatar\/014a645f9f16d49aceddb25e316448c724bd78e7db0ee7a34c29417d5ca39ef1?s=96&d=mm&r=g","url":"https:\/\/secure.gravatar.com\/avatar\/014a645f9f16d49aceddb25e316448c724bd78e7db0ee7a34c29417d5ca39ef1?s=96&d=mm&r=g","height":96,"width":96}},"publisher":{"@type":"Organization","name":"starweg.cz","logo":{"@type":"ImageObject","@id":"\/logo.png","url":"\/logo.png","width":600,"height":60}},"image":{"@type":"ImageObject","@id":"https:\/\/www.starweg.cz\/wp-content\/uploads\/img_a338690_w2084_t1551278110.jpg","url":"https:\/\/www.starweg.cz\/wp-content\/uploads\/img_a338690_w2084_t1551278110.jpg","height":0,"width":0},"url":"https:\/\/www.starweg.cz\/jakou-chcete-mit-koupelnu\/","wordCount":533,"articleBody":"Kdy\u017e si \u010dlov\u011bk za\u0159izuje koupelnu, je logick\u00e9, \u017ee uva\u017euje p\u0159edev\u0161\u00edm o n\u011bjak\u00e9m tom sprchov\u00e9m kout\u011b, p\u0159\u00edpadn\u011b van\u011b. Proto\u017ee i bez t\u011bchto by se sice koupelna teoreticky obe\u0161la, ale nebyla by to u\u017e koupelna hodn\u00e1 jednadvac\u00e1t\u00e9ho stolet\u00ed. Proto\u017ee m\u00edt tam v dne\u0161n\u00ed dob\u011b jenom umyvadlo u\u017e by bylo p\u0159ece jenom pon\u011bkud m\u00e1lo a s pouh\u00fdm n\u011bjak\u00fdm t\u00edm lavorem a konv\u00ed s vodou u\u017e by se spokojil jen m\u00e1lokdo. Ov\u0161em jak si zvolit to prav\u00e9, co by si m\u011bl \u010dlov\u011bk do koupelny opat\u0159it? Kdy\u017e se hled\u00e1 , uva\u017euje se o sprchov\u00e9m kout\u011b nebo van\u011b jak podle toho, co tyto \u010dlov\u011bku poskytuj\u00ed, tak i podle toho, jak\u00e9 jsou objektivn\u00ed podm\u00ednky. Proto\u017ee ka\u017ed\u00e1 v\u011bc si \u017e\u00e1d\u00e1 sv\u00e9.Sprchov\u00fd koutje ur\u010den p\u0159edev\u0161\u00edm do koupelen men\u0161\u00edch rozm\u011br\u016f, t\u011bch, do nich\u017e by se po\u0159\u00e1dn\u00e1 vana prost\u011b a jednodu\u0161e neve\u0161la. Nebo sice ve\u0161la, ale pak u\u017e by se tam kv\u016fli n\u00ed neve\u0161lo nic dal\u0161\u00edho a rovn\u011b\u017e pot\u0159ebn\u00e9ho, ba p\u0159\u00edmo nezbytn\u00e9ho. Nav\u00edc m\u00e1 pou\u017e\u00edv\u00e1n\u00ed sprchov\u00e9ho koutu tu p\u0159ednost, \u017ee se v n\u011bm nespot\u0159ebuje tolik vody jako ve van\u011b, a tak\u00e9 b\u00fdv\u00e1 tento i s\u00e1m o sob\u011b cenov\u011b p\u0159ijateln\u011bj\u0161\u00ed. A je ide\u00e1ln\u00ed t\u0159eba i pro nedo\u010dkavce, kter\u00fdm se jednodu\u0161e nechce \u010dekat t\u011bch p\u00e1r minut na to, ne\u017e se napust\u00ed vana, proto\u017ee sprcha funguje u\u017e v okam\u017eiku, kdy \u010dlov\u011bk oto\u010d\u00ed kohoutkem.\u010clov\u011bk si tu mus\u00ed akor\u00e1t spr\u00e1vn\u011b vybrat. T\u0159eba zda chce sprchu otev\u0159enou, je\u017e p\u016fsob\u00ed elegantn\u011b a stylov\u011b, nebo rad\u011bji tu uzav\u0159enou, je\u017e je naopak prosp\u011b\u0161n\u00e1 svou prakti\u010dnost\u00ed.Vanyse od sprchov\u00fdch kout\u016f li\u0161\u00ed t\u00edm, \u017ee se v nich lze pohodln\u011b rozvalit a pohov\u011bt si v nich v tepl\u00e9 vod\u011b, nav\u00edc t\u0159eba i v t\u00e9 obsahuj\u00edc\u00ed p\u011bnu nebo s\u016fl do koupele. \u010c\u00edm\u017e je vana n\u011b\u010d\u00edm p\u0159\u00edmo ide\u00e1ln\u00edm pro relaxaci. Vhodn\u011bj\u0161\u00ed je tak\u00e9 pro star\u0161\u00ed lidi s men\u0161\u00ed pohyblivost\u00ed, respektive pro koup\u00e1n\u00ed mal\u00fdch d\u011bt\u00ed. A jestli je n\u011bco \u201enev\u00fdhodou\u201c t\u00e9to koupac\u00ed n\u00e1doby, pak to, \u017ee i van je na trhu pov\u00edcero druh\u016f a je tak t\u0159eba nejednou i dlouho vyb\u00edrat to prav\u00e9. Zda zvolit rad\u011bji vanua) rohovoub) ov\u00e1lnouc) obd\u00e9ln\u00edkovoud) asymetrickoue) \u010di voln\u011b stoj\u00edc\u00ed P\u0159i kter\u00e9m\u017eto rozhodov\u00e1n\u00ed hraj\u00ed svou roli pochopiteln\u011b jak cena, tak mo\u017enosti, je\u017e se v t\u00e9 kter\u00e9 koupeln\u011b nab\u00edzej\u00ed. Proto\u017ee m\u016f\u017ee j\u00edt o prostor, o to \u010di ono technick\u00e9 \u0159e\u0161en\u00ed a tak d\u00e1le. A pokud si \u010dlov\u011bk nedok\u00e1\u017ee mezi sprchou a vanou vybrat? Pak a\u0165 si m\u00e1 klidn\u011b i oboj\u00ed. Navzdory nedostatku prostoru, do kter\u00e9ho by se oboj\u00ed zvl\u00e1\u0161\u0165 sice neve\u0161lo, ale vana s mo\u017enost\u00ed posouvac\u00ed \u010di skl\u00e1dac\u00ed z\u00e1st\u011bnyhrav\u011b zvl\u00e1dne oboj\u00ed.                                                                                                                                                                                                                                                                                                                                                                                        4.5\/5 - (10 votes)        "},{"@context":"https:\/\/schema.org\/","@type":"BreadcrumbList","itemListElement":[{"@type":"ListItem","position":1,"name":"Jakou chcete m\u00edt koupelnu?","item":"https:\/\/www.starweg.cz\/jakou-chcete-mit-koupelnu\/#breadcrumbitem"}]}]