[{"@context":"https:\/\/schema.org\/","@type":"Article","@id":"https:\/\/www.starweg.cz\/kdo-zaplatil-slevy-jizdneho\/#Article","mainEntityOfPage":"https:\/\/www.starweg.cz\/kdo-zaplatil-slevy-jizdneho\/","headline":"Kdo zaplatil slevy j\u00edzdn\u00e9ho?","name":"Kdo zaplatil slevy j\u00edzdn\u00e9ho?","description":"Od z\u00e1\u0159\u00ed roku 2018 plat\u00ed sn\u00ed\u017een\u00e9 j\u00edzdn\u00e9 pro studenty a seniory. Na oko to vypad\u00e1 jako skv\u011bl\u00e1 v\u011bc, nepot\u0159ebuji moc pen\u011bz a dojedu, kam budu pot\u0159ebovat. To je pravda, ale plat\u00ed to pouze o ekonomick\u00e9 str\u00e1nce jednotlivce. St\u00e1t to st\u00e1lo neskute\u010dn\u00e9 pen\u00edze. A odkud je vlastn\u011b Andrej Babi\u0161, kter\u00e9ho tohle cel\u00e9 byl n\u00e1pad, vzal?&#13; &#13; [&hellip;]","datePublished":"2019-11-25","dateModified":"2023-06-08","author":{"@type":"Person","@id":"https:\/\/www.starweg.cz\/author\/devene\/#Person","name":"devene","url":"https:\/\/www.starweg.cz\/author\/devene\/","identifier":1,"image":{"@type":"ImageObject","@id":"https:\/\/secure.gravatar.com\/avatar\/014a645f9f16d49aceddb25e316448c724bd78e7db0ee7a34c29417d5ca39ef1?s=96&d=mm&r=g","url":"https:\/\/secure.gravatar.com\/avatar\/014a645f9f16d49aceddb25e316448c724bd78e7db0ee7a34c29417d5ca39ef1?s=96&d=mm&r=g","height":96,"width":96}},"publisher":{"@type":"Organization","name":"starweg.cz","logo":{"@type":"ImageObject","@id":"\/logo.png","url":"\/logo.png","width":600,"height":60}},"image":{"@type":"ImageObject","@id":"https:\/\/www.starweg.cz\/wp-content\/uploads\/img_a362102_w4184_t1575100566.jpg","url":"https:\/\/www.starweg.cz\/wp-content\/uploads\/img_a362102_w4184_t1575100566.jpg","height":0,"width":0},"url":"https:\/\/www.starweg.cz\/kdo-zaplatil-slevy-jizdneho\/","about":["Ekonomika"],"wordCount":443,"articleBody":"Od z\u00e1\u0159\u00ed roku 2018 plat\u00ed sn\u00ed\u017een\u00e9 j\u00edzdn\u00e9 pro studenty a seniory. Na oko to vypad\u00e1 jako skv\u011bl\u00e1 v\u011bc, nepot\u0159ebuji moc pen\u011bz a dojedu, kam budu pot\u0159ebovat. To je pravda, ale plat\u00ed to pouze o ekonomick\u00e9 str\u00e1nce jednotlivce. St\u00e1t to st\u00e1lo neskute\u010dn\u00e9 pen\u00edze. A odkud je vlastn\u011b Andrej Babi\u0161, kter\u00e9ho tohle cel\u00e9 byl n\u00e1pad, vzal?&#13; &#13; Na v\u0161echno se m\u011blo slo\u017eit dohromady 28 \u00fa\u0159ad\u016f a ministerstev. Zas\u00e1hlo to i ministerstvo \u0161kolstv\u00ed, kter\u00e9 p\u0159i\u0161lo o 400 milion\u016f korun. D\u00e1v\u00e1 to smysl, jde p\u0159eci o studenty. Nam\u00edtnout se v\u0161ak d\u00e1, \u017ee st\u00e1t slibuje nav\u00fd\u0161en\u00ed plat\u016f pro u\u010ditele, co\u017e tak\u00e9 ud\u011blal, ale \u010d\u00e1st z toho ponechal \u0159editel\u016fm, aby mohli pen\u00edze vyu\u017e\u00edt jako bonusy. Kv\u016fli tomu prob\u011bhla i st\u00e1vka u\u010ditel\u016f. St\u00e1t tedy mzdy nav\u00fd\u0161il. Ov\u0161em, jak se m\u00e1 na\u0161e \u0161kolstv\u00ed, kter\u00e9 je zaostal\u00e9 a nefunk\u010dn\u00ed a st\u00e1le neohodnocuje kantory adekv\u00e1tn\u011b, rozv\u00edjet? P\u0159i\u0161lo p\u0159eci o 400 milion\u016f. Na to u\u017e Andrej Babi\u0161 odpov\u011b\u010f nem\u00e1\u2026&#13; Nejv\u00edc v\u0161ak ubylo pen\u011bz na ministerstvu pr\u00e1ce a soci\u00e1ln\u00edch v\u011bd. To p\u0159i\u0161lo o p\u016fl miliardy korun! Ale na rozd\u00edl od ministerstva \u0161kolstv\u00ed disponuje s v\u011bt\u0161\u00edm rozpo\u010dtem.&#13; Na seznamu jsou i dal\u0161\u00ed organizace, kter\u00e9 se zab\u00fdvaj\u00ed v\u011bdou, nebo vzd\u011bl\u00e1v\u00e1n\u00edm. Akademii v\u011bd byl zmen\u0161en rozpo\u010det o 100 milion\u016f korun. D\u00e1le ani Grantov\u00e1 agentura nez\u016fstala bez \u00fabytku a to p\u0159esn\u011b o 150 milion\u016f korun. To sam\u00e9 se t\u00fdk\u00e1 i Technologick\u00e9 agentury, kter\u00e1 p\u0159i\u0161la o 216 milion\u016f korun.&#13; &#13; Jedin\u00e1 instituce ze seznamu, kter\u00e1 spad\u00e1 do dopravn\u00edho resortu, je \u00da\u0159ad pro p\u0159\u00edstup k dopravn\u00ed infrastruktu\u0159e, kter\u00fd p\u0159i\u0161el o pouh\u00fd milion korun.&#13; \u010clov\u011bk si \u0159\u00edk\u00e1, jak takov\u00e1 v\u011bc, jako je j\u00edzdn\u00e9, m\u016f\u017ee tolik zas\u00e1hnout ekonomiku st\u00e1tu. St\u00e1t u\u017e p\u0159ed touto zm\u011bnou p\u0159isp\u00edval na j\u00edzdn\u00e9 a tak\u00e9 to st\u00e1lo nemal\u00e9 pen\u00edze, ale v tomto p\u0159\u00edpad\u011b se jedn\u00e1 opravdu o enormn\u00ed \u010d\u00e1stku, kterou st\u00e1t hrad\u00ed za n\u00e1s. V podstat\u011b se dost\u00e1v\u00e1 do m\u00ednusu, z kter\u00e9ho se nem\u016f\u017ee dostat. Kdy\u017e si vezmeme, kolik lid\u00ed denn\u011b jezd\u00ed hromadnou dopravou a kolik student\u016f, nebo senior\u016f uplat\u0148uje slevu, tak n\u00e1m to u\u017e tak zvl\u00e1\u0161tn\u00ed p\u0159ipadat nebude. Byl to jednozna\u010dn\u011b populistick\u00fd a nesystematick\u00fd krok na\u0161eho premi\u00e9ra, kter\u00fd se p\u011bkn\u011b prodra\u017eil a je\u0161t\u011b prodra\u017e\u00ed.&#13;                                                                                                                                                                                                                                                                                                                                                                                         3.7\/5 - (8 votes)        "},{"@context":"https:\/\/schema.org\/","@type":"BreadcrumbList","itemListElement":[{"@type":"ListItem","position":1,"name":"Kdo zaplatil slevy j\u00edzdn\u00e9ho?","item":"https:\/\/www.starweg.cz\/kdo-zaplatil-slevy-jizdneho\/#breadcrumbitem"}]}]