[{"@context":"https:\/\/schema.org\/","@type":"Article","@id":"https:\/\/www.starweg.cz\/kojenecke-obleceni-od-nas-skvela-volba\/#Article","mainEntityOfPage":"https:\/\/www.starweg.cz\/kojenecke-obleceni-od-nas-skvela-volba\/","headline":"Kojeneck\u00e9 oble\u010den\u00ed od n\u00e1s- skv\u011bl\u00e1 volba!","name":"Kojeneck\u00e9 oble\u010den\u00ed od n\u00e1s- skv\u011bl\u00e1 volba!","description":"Uva\u017eujete nad t\u00edm, \u017ee sv\u00e9mu drobe\u010dkovi po\u0159\u00edd\u00edte nov\u00e9 kojeneck\u00e9 oble\u010den\u00ed? To jsme r\u00e1di, proto\u017ee v\u00e1m m\u016f\u017eeme nab\u00eddnout takov\u00e9 zbo\u017e\u00ed, kter\u00e9 rozjasn\u00ed va\u0161i mysl a roze\u017eene va\u0161e smutky. \u017divot s mal\u00fdm d\u00edt\u011btem je n\u011bkdy t\u011b\u017ek\u00fd, proto je dobr\u00e9, kdy\u017e se n\u011bkter\u00fdm situac\u00edm um\u00edte zasm\u00e1t. Vyzkou\u0161ejte to t\u0159eba s brynd\u00e1\u010dkem Ty neum\u00ed\u0161 krmit. Kojeneck\u00e9 oble\u010den\u00ed to nejsou [&hellip;]","datePublished":"2025-01-08","dateModified":"2025-01-08","author":{"@type":"Person","@id":"https:\/\/www.starweg.cz\/author\/devene\/#Person","name":"devene","url":"https:\/\/www.starweg.cz\/author\/devene\/","identifier":1,"image":{"@type":"ImageObject","@id":"https:\/\/secure.gravatar.com\/avatar\/014a645f9f16d49aceddb25e316448c724bd78e7db0ee7a34c29417d5ca39ef1?s=96&d=mm&r=g","url":"https:\/\/secure.gravatar.com\/avatar\/014a645f9f16d49aceddb25e316448c724bd78e7db0ee7a34c29417d5ca39ef1?s=96&d=mm&r=g","height":96,"width":96}},"publisher":{"@type":"Organization","name":"starweg.cz","logo":{"@type":"ImageObject","@id":"\/logo.png","url":"\/logo.png","width":600,"height":60}},"url":"https:\/\/www.starweg.cz\/kojenecke-obleceni-od-nas-skvela-volba\/","wordCount":179,"articleBody":"Uva\u017eujete nad t\u00edm, \u017ee sv\u00e9mu drobe\u010dkovi po\u0159\u00edd\u00edte nov\u00e9 kojeneck\u00e9 oble\u010den\u00ed? To jsme r\u00e1di, proto\u017ee v\u00e1m m\u016f\u017eeme nab\u00eddnout takov\u00e9 zbo\u017e\u00ed, kter\u00e9 rozjasn\u00ed va\u0161i mysl a roze\u017eene va\u0161e smutky. \u017divot s mal\u00fdm d\u00edt\u011btem je n\u011bkdy t\u011b\u017ek\u00fd, proto je dobr\u00e9, kdy\u017e se n\u011bkter\u00fdm situac\u00edm um\u00edte zasm\u00e1t. Vyzkou\u0161ejte to t\u0159eba s brynd\u00e1\u010dkem Ty neum\u00ed\u0161 krmit. Kojeneck\u00e9 oble\u010den\u00ed to nejsou jen body a tepl\u00e1\u010dky. Je to prakticky v\u0161echno oble\u010den\u00ed, kter\u00e9 lze u n\u00e1s zakoupit. Jsou to nap\u0159\u00edklad tri\u010dka, kalhoty, overaly, brynd\u00e1\u010dky, ale tak\u00e9 r\u016fzn\u00e9 \u010depi\u010dky nebo i n\u00e1vleky. Mysl\u00edte si, \u017ee by bylo dobr\u00e9 po\u0159\u00eddit zn\u00e1m\u00fdm n\u011bco jako d\u00e1rek pro miminko, ale nejste si jisti velikost\u00ed? Pak darujte d\u00e1rkov\u00fd poukaz. K narozen\u00ed miminka Nab\u00edz\u00edme kojeneck\u00e9 oble\u010den\u00ed k p\u0159\u00edle\u017eitosti narozen\u00ed miminka. Je to opravdu hezk\u00fd d\u00e1rek pro novope\u010den\u00e9 rodi\u010de.                                                                                                                                                                                                                                                                                                                                                                                        3\/5 - (2 votes)        "},{"@context":"https:\/\/schema.org\/","@type":"BreadcrumbList","itemListElement":[{"@type":"ListItem","position":1,"name":"Kojeneck\u00e9 oble\u010den\u00ed od n\u00e1s- skv\u011bl\u00e1 volba!","item":"https:\/\/www.starweg.cz\/kojenecke-obleceni-od-nas-skvela-volba\/#breadcrumbitem"}]}]