[{"@context":"https:\/\/schema.org\/","@type":"Article","@id":"https:\/\/www.starweg.cz\/natoc-si-to\/#Article","mainEntityOfPage":"https:\/\/www.starweg.cz\/natoc-si-to\/","headline":"Nato\u010d si to","name":"Nato\u010d si to","description":"Nesn\u00e1\u0161\u00edte opatrnou j\u00edzdu, kdy brzdy sk\u0159\u00edpou? M\u00e1te r\u00e1di v\u00edtr ve vlasech, kdy balancujete na hran\u011b toho, zda to ustoj\u00edte \u010di zda skon\u010d\u00edte na zemi? Milujete j\u00edzdu na horsk\u00e9m kole, ov\u0161em jezd\u00edte skute\u010dn\u011b v ter\u00e9nu? Vyhled\u00e1v\u00e1te v l\u00e9t\u011b trasy pro sjezdov\u00e9 ly\u017ee, ale sj\u00ed\u017ed\u00edte je na kolech? Mo\u017en\u00e1 se V\u00e1m st\u00e1v\u00e1, kdy\u017e n\u011bkomu do detail\u016f popisujete [&hellip;]","datePublished":"2023-06-08","dateModified":"2024-06-10","author":{"@type":"Person","@id":"https:\/\/www.starweg.cz\/author\/devene\/#Person","name":"devene","url":"https:\/\/www.starweg.cz\/author\/devene\/","identifier":1,"image":{"@type":"ImageObject","@id":"https:\/\/secure.gravatar.com\/avatar\/014a645f9f16d49aceddb25e316448c724bd78e7db0ee7a34c29417d5ca39ef1?s=96&d=mm&r=g","url":"https:\/\/secure.gravatar.com\/avatar\/014a645f9f16d49aceddb25e316448c724bd78e7db0ee7a34c29417d5ca39ef1?s=96&d=mm&r=g","height":96,"width":96}},"publisher":{"@type":"Organization","name":"starweg.cz","logo":{"@type":"ImageObject","@id":"\/logo.png","url":"\/logo.png","width":600,"height":60}},"url":"https:\/\/www.starweg.cz\/natoc-si-to\/","wordCount":272,"articleBody":"Nesn\u00e1\u0161\u00edte opatrnou j\u00edzdu, kdy brzdy sk\u0159\u00edpou? M\u00e1te r\u00e1di v\u00edtr ve vlasech, kdy balancujete na hran\u011b toho, zda to ustoj\u00edte \u010di zda skon\u010d\u00edte na zemi? Milujete j\u00edzdu na horsk\u00e9m kole, ov\u0161em jezd\u00edte skute\u010dn\u011b v ter\u00e9nu? Vyhled\u00e1v\u00e1te v l\u00e9t\u011b trasy pro sjezdov\u00e9 ly\u017ee, ale sj\u00ed\u017ed\u00edte je na kolech? Mo\u017en\u00e1 se V\u00e1m st\u00e1v\u00e1, kdy\u017e n\u011bkomu do detail\u016f popisujete sv\u00e9 kousky, \u017ee lid\u00e9 jen t\u011b\u017eko v\u011b\u0159\u00ed Va\u0161emu vypr\u00e1v\u011bn\u00ed, zvl\u00e1\u0161t\u011b tehdy, kdy\u017e znaj\u00ed m\u00edsto, kter\u00e9 na sv\u00e9m kole sj\u00ed\u017ed\u00edte. Vyt\u0159ete jim zrak, p\u0159esv\u011bd\u010dte je. Nato\u010dte si to, umo\u017en\u00ed V\u00e1m to kamera pro sport.Ale m\u00e1m\u011b to neukazujTakov\u00e9 kamery, kter\u00e9 nab\u00edz\u00edme pr\u00e1v\u011b my, jsou od jejich klasick\u00fdch profesion\u00e1ln\u00edch sest\u0159i\u010dek zna\u010dn\u011b odli\u0161n\u00e9. Jde o jejich celkovou konstrukci a odolnost. Ty na\u0161e by m\u011bly b\u00fdt co nejleh\u010d\u00ed, u profesion\u00e1ln\u00edch vy\u0161\u0161\u00ed hmotnost nen\u00ed na z\u00e1vadu. Ty od n\u00e1s ale jsou sice lehk\u00e9, nicm\u00e9n\u011b rozhodn\u011b ne k\u0159ehk\u00e9. M\u011bly by vydr\u017eet to sam\u00e9, co Va\u0161e t\u011blo. M\u016f\u017eete si je velice jednodu\u0161e p\u0159ipevnit t\u0159eba na \u0159\u00edd\u00edtka, budete tak m\u00edt skute\u010dn\u011b autentick\u00fd z\u00e1znam. Pokud v\u0161ak sj\u00ed\u017ed\u00edte skute\u010dn\u011b divok\u00fd sr\u00e1z, dob\u0159e si rozmyslete, ne\u017e sv\u016fj z\u00e1znam uk\u00e1\u017eete rodi\u010d\u016fm, mo\u017en\u00e1 by V\u00e1s v j\u00edzd\u011b na kole p\u0159estali podporovat.                                                                                                                                                                                                                                                                                                                                                                                        4.3\/5 - (10 votes)        "},{"@context":"https:\/\/schema.org\/","@type":"BreadcrumbList","itemListElement":[{"@type":"ListItem","position":1,"name":"Nato\u010d si to","item":"https:\/\/www.starweg.cz\/natoc-si-to\/#breadcrumbitem"}]}]