[{"@context":"https:\/\/schema.org\/","@type":"Article","@id":"https:\/\/www.starweg.cz\/predstava-o-domacnosti\/#Article","mainEntityOfPage":"https:\/\/www.starweg.cz\/predstava-o-domacnosti\/","headline":"P\u0159edstava o dom\u00e1cnosti","name":"P\u0159edstava o dom\u00e1cnosti","description":"Tak\u00e9, kdy\u017e jste byly\u00a0mal\u00e9 d\u011bti, m\u011bly\u00a0jste svou vysn\u011bnou p\u0159edstavu o sv\u00e9 dom\u00e1cnosti? Takovou p\u0159edstavu, jak budete cht\u00edt bydlet?\u00a0J\u00e1 v\u00e1m pov\u00edm, \u017ee j\u00e1 jsem m\u011bla tolik p\u0159edstav, \u017ee bych si snad na v\u0161echno u\u017e ani nevzpomn\u011bla, ale vzpom\u00edn\u00e1m si, \u017ee kdy\u017e jsem v\u017edycky le\u017eela v pokoj\u00ed\u010dku, tak jsem si p\u0159edstavovala, jak to u m\u011b bude v [&hellip;]","datePublished":"2023-07-17","dateModified":"2023-07-17","author":{"@type":"Person","@id":"https:\/\/www.starweg.cz\/author\/devene\/#Person","name":"devene","url":"https:\/\/www.starweg.cz\/author\/devene\/","identifier":1,"image":{"@type":"ImageObject","@id":"https:\/\/secure.gravatar.com\/avatar\/014a645f9f16d49aceddb25e316448c724bd78e7db0ee7a34c29417d5ca39ef1?s=96&d=mm&r=g","url":"https:\/\/secure.gravatar.com\/avatar\/014a645f9f16d49aceddb25e316448c724bd78e7db0ee7a34c29417d5ca39ef1?s=96&d=mm&r=g","height":96,"width":96}},"publisher":{"@type":"Organization","name":"starweg.cz","logo":{"@type":"ImageObject","@id":"\/logo.png","url":"\/logo.png","width":600,"height":60}},"image":{"@type":"ImageObject","@id":"https:\/\/www.starweg.cz\/wp-content\/uploads\/cat-3631907_1280.jpg","url":"https:\/\/www.starweg.cz\/wp-content\/uploads\/cat-3631907_1280.jpg","height":0,"width":0},"url":"https:\/\/www.starweg.cz\/predstava-o-domacnosti\/","about":["Dom\u00e1cnost"],"wordCount":472,"articleBody":"Tak\u00e9, kdy\u017e jste byly\u00a0mal\u00e9 d\u011bti, m\u011bly\u00a0jste svou vysn\u011bnou p\u0159edstavu o sv\u00e9 dom\u00e1cnosti? Takovou p\u0159edstavu, jak budete cht\u00edt bydlet?\u00a0J\u00e1 v\u00e1m pov\u00edm, \u017ee j\u00e1 jsem m\u011bla tolik p\u0159edstav, \u017ee bych si snad na v\u0161echno u\u017e ani nevzpomn\u011bla, ale vzpom\u00edn\u00e1m si, \u017ee kdy\u017e jsem v\u017edycky le\u017eela v pokoj\u00ed\u010dku, tak jsem si p\u0159edstavovala, jak to u m\u011b bude v budoucnu vypadat. Mysl\u00edm si, \u017ee jako sedmilet\u00e9 d\u00edt\u011b jsem m\u011bla docela takov\u00e9 bl\u00e1zniv\u00e9 sny. Myslela jsem si, \u017ee a\u017e budu bydlet sama, \u017ee budu m\u00edt \u00fapln\u011b kr\u00e1sn\u011b sn\u011bhob\u00edl\u00e9 b\u00edl\u00fd koberec. Nyn\u00ed, kdy\u017e si na to vzpomenu, tak \u00fapln\u011b se chyt\u00e1m za hlavu a nech\u00e1pu, jak jsem\u00a0mohla na t p\u0159ij\u00edt, \u017ee bych n\u011bkdy m\u011bla \u00fapln\u011b sn\u011bhov\u011b b\u00edl\u00fd koberec, kdy\u017e m\u00e1m dv\u011b\u00a0d\u011bti a psa a ko\u010dku. Tak nev\u00edm, jak by to dlouho \u010dist\u011b sn\u011bhov\u011b b\u00edl\u00e9 vydr\u017eelo. Taky jsem si \u0159\u00edkala, \u017ee budu m\u00edt pr\u00fd r\u016f\u017eov\u00e9 \u017ealuzie a na tom b\u00edl\u00e1 srd\u00ed\u010dka. Ano, je pravda, \u017ee jako d\u00edt\u011b jsem m\u011bla r\u00e1da b\u00edlou a r\u016f\u017eovou barvu, tak\u017ee jsem v\u0161echno cht\u011bla m\u00edt v b\u00edl\u00e9 a r\u016f\u017eov\u00e9 barv\u011b. Seda\u010dka r\u016f\u017eov\u00e1 a t\u00e9m\u011b\u0159 v\u0161echno r\u016f\u017eov\u00e9 anebo b\u00edl\u00e9, sem\u00a0tam n\u011bjak\u00fd akcent fialov\u00e9 barvy. Tohle m\u011bla b\u00fdt moje dom\u00e1cnost, ale \u0159eknu v\u00e1m, \u017ee v\u017edycky, kdy\u017e jsem tohle vykl\u00e1dala sv\u00e9 mamince, tak ona mi \u0159\u00edkala, \u017ee jsem bl\u00e1hov\u00e1, \u017ee a\u0165 si m\u016f\u017eu sn\u00edt, o \u010dem chci, ale \u017ee stejn\u011b to budu m\u00edt jin\u00e9. Kolikr\u00e1t jsem se na\u0161tvala, ale potom mi maminka \u0159ekla, \u017ee i ona m\u011bla sv\u00e9 sny o sv\u00e9 dom\u00e1cnosti a pr\u00fd se tak\u00e9\u00a0v\u0161echny rozplynuly, ale \u017ee ona mi pr\u00fd p\u0159eje, aby se mi m\u00e9 sny splnily. Samoz\u0159ejm\u011b, \u017ee se mi m\u00e9\u00a0sny o dom\u00e1cnosti nesplnily. A to ne, \u017ee bych si to nemohla po\u0159\u00eddit, ale j\u00e1 jsem to necht\u011bla. Kdy\u017e jsem vid\u011bla, jak m\u00e1m jen b\u00e9\u017eov\u00fd koberec, kter\u00fd v\u017edycky vypadal t\u0159eba po m\u011bs\u00edci pou\u017e\u00edv\u00e1n\u00ed d\u011bsn\u011b, bl\u00e1znila jsem. Tak jsem si \u0159ekla, \u017ee sn\u011bhob\u00edl\u00fd koberec opravdu si nech\u00e1m jenom ve sv\u00e9 pam\u011bti. Bude to jenom vzpom\u00ednka na m\u00e9 d\u011btstv\u00ed a na mou touhu, jak m\u011bla\u00a0vypadat moje dom\u00e1cnost. Nyn\u00ed m\u00e1m takov\u00fd tmav\u011b r\u016f\u017eov\u00fd koberec, kter\u00fd m\u00e1 na sob\u011b tmav\u00e9 \u0161mouhy. Je to takov\u00e9 jako maskov\u00e1n\u00ed. Kdyby se za\u0161pinil, tak abych to mohla kdy\u017etak vydat za um\u011bleckou \u0161mouhu.\u00a0                                                                                                                                                                                                                                                                                                                                                                                        1\/5 - (1 vote)        "},{"@context":"https:\/\/schema.org\/","@type":"BreadcrumbList","itemListElement":[{"@type":"ListItem","position":1,"name":"P\u0159edstava o dom\u00e1cnosti","item":"https:\/\/www.starweg.cz\/predstava-o-domacnosti\/#breadcrumbitem"}]}]